{"id":2518,"date":"2019-09-10T08:43:59","date_gmt":"2019-09-10T14:43:59","guid":{"rendered":"https:\/\/marfund.org\/en\/?p=2518"},"modified":"2019-09-10T09:59:06","modified_gmt":"2019-09-10T15:59:06","slug":"sargazo-en-el-caribe-mexico","status":"publish","type":"post","link":"https:\/\/marfund.org\/en\/sargazo-en-el-caribe-mexico\/","title":{"rendered":"El sargazo en el caribe mexicano: De la negaci\u00f3n y el voluntarismo a la realidad"},"content":{"rendered":"<p class=\"wp-caption-text\" style=\"text-align: right;\">Sargazo en el caribe mexicano. Foto: MAR Fund.<\/p>\n<p>&nbsp;<\/p>\n<p style=\"text-align: justify;\"><strong>1. EL &#8220;NUEVO MAR DE LOS SARGAZOS&#8221;: UN FEN\u00d3MENO COMPLEJO<\/strong><br \/>\nA partir de 2011 y sin previo aviso se detectaron en el mar Caribe agregaciones significativas y at\u00edpicas de sargazo pel\u00e1gico o flotante de las especies <em>Sargassum natans y S. fluitans<\/em>. Ahora sabemos que esta gran biomasa de sargazo sigue una corriente marina que circula por latitudes tropicales desde las costas del Atl\u00e1ntico oriental, frente a \u00c1frica occidental y la desembocadura del r\u00edo Congo, para llegar al mar Caribe y el golfo de M\u00e9xico despu\u00e9s de haber pasado por las costas del noreste de Brasil, frente a la desembocadura del r\u00edo Amazonas y girar finalmente rumbo al norte.<\/p>\n<p>&nbsp;<\/p>\n<p style=\"text-align: justify;\">Descargar documento:<br \/>\n<a href=\"https:\/\/marfund.org\/en\/wp-content\/uploads\/2015\/09\/Aguirre-Munoz-2019-El-sargazo-en-el-Car-ibe-Negaci\u00f3n-voluntarismo-y-realidad-1.pdf\" target=\"_blank\" rel=\"noopener\">EL SARGAZO EN EL CARIBE MEXICANO:<br \/>\nDE LA NEGACI\u00d3N Y EL VOLUNTARISMO A LA REALIDAD<\/a><br \/>\nAlfonso Aguirre Mu\u00f1oz<br \/>\nAgosto de 2019<\/p>\n<p><img loading=\"lazy\" class=\"aligncenter size-full wp-image-2524\" src=\"https:\/\/marfund.org\/en\/wp-content\/uploads\/2015\/09\/SargazoSeptiembre2019.jpg\" alt=\"\" width=\"1018\" height=\"691\" srcset=\"https:\/\/marfund.org\/en\/wp-content\/uploads\/2015\/09\/SargazoSeptiembre2019.jpg 1018w, https:\/\/marfund.org\/en\/wp-content\/uploads\/2015\/09\/SargazoSeptiembre2019-300x204.jpg 300w, https:\/\/marfund.org\/en\/wp-content\/uploads\/2015\/09\/SargazoSeptiembre2019-768x521.jpg 768w\" sizes=\"(max-width: 1018px) 100vw, 1018px\" \/><\/p>\n<h6 style=\"text-align: center;\"><em>Foto: MAR Fund<\/em><\/h6>\n","protected":false},"excerpt":{"rendered":"<p>In principio creavit Deus caelum et terram. Propterea sicut per unum hominem in hunc mundum peccatum intravit et per peccatum mors et ita in omnes homines mors pertransiit in quo omnes peccaverunt. Sic enim dilexit Deus mundum ut Filium suum unigenitum daret ut omnis qui credit in eum non pereat sed habeat vitam aeternam.<\/p>\n","protected":false},"author":1,"featured_media":2519,"comment_status":"closed","ping_status":"closed","sticky":false,"template":"","format":"standard","meta":[],"categories":[3],"tags":[388,387],"_links":{"self":[{"href":"https:\/\/marfund.org\/en\/wp-json\/wp\/v2\/posts\/2518"}],"collection":[{"href":"https:\/\/marfund.org\/en\/wp-json\/wp\/v2\/posts"}],"about":[{"href":"https:\/\/marfund.org\/en\/wp-json\/wp\/v2\/types\/post"}],"author":[{"embeddable":true,"href":"https:\/\/marfund.org\/en\/wp-json\/wp\/v2\/users\/1"}],"replies":[{"embeddable":true,"href":"https:\/\/marfund.org\/en\/wp-json\/wp\/v2\/comments?post=2518"}],"version-history":[{"count":4,"href":"https:\/\/marfund.org\/en\/wp-json\/wp\/v2\/posts\/2518\/revisions"}],"predecessor-version":[{"id":2525,"href":"https:\/\/marfund.org\/en\/wp-json\/wp\/v2\/posts\/2518\/revisions\/2525"}],"wp:featuredmedia":[{"embeddable":true,"href":"https:\/\/marfund.org\/en\/wp-json\/wp\/v2\/media\/2519"}],"wp:attachment":[{"href":"https:\/\/marfund.org\/en\/wp-json\/wp\/v2\/media?parent=2518"}],"wp:term":[{"taxonomy":"category","embeddable":true,"href":"https:\/\/marfund.org\/en\/wp-json\/wp\/v2\/categories?post=2518"},{"taxonomy":"post_tag","embeddable":true,"href":"https:\/\/marfund.org\/en\/wp-json\/wp\/v2\/tags?post=2518"}],"curies":[{"name":"wp","href":"https:\/\/api.w.org\/{rel}","templated":true}]}}