{"id":2027,"date":"2019-02-03T13:40:51","date_gmt":"2019-02-03T19:40:51","guid":{"rendered":"https:\/\/marfund.org\/en\/?p=2027"},"modified":"2019-02-03T15:38:59","modified_gmt":"2019-02-03T21:38:59","slug":"brote-enfermedad-corales-quintana-roo","status":"publish","type":"post","link":"https:\/\/marfund.org\/en\/brote-enfermedad-corales-quintana-roo\/","title":{"rendered":"Brote de enfermedad en corales &#8220;p\u00e9rdida r\u00e1pida de tejido&#8221; en Quintana Roo"},"content":{"rendered":"<p class=\"wp-caption-text\" style=\"text-align: right;\">Coral Estrella enfermo. Photo: Melina Soto<\/p>\n<p>&nbsp;<\/p>\n<p><img loading=\"lazy\" class=\"aligncenter size-full wp-image-2032\" src=\"https:\/\/marfund.org\/en\/wp-content\/uploads\/2015\/02\/logos-informe-coral-enfermo.jpg\" alt=\"\" width=\"1078\" height=\"156\" srcset=\"https:\/\/marfund.org\/en\/wp-content\/uploads\/2015\/02\/logos-informe-coral-enfermo.jpg 1078w, https:\/\/marfund.org\/en\/wp-content\/uploads\/2015\/02\/logos-informe-coral-enfermo-300x43.jpg 300w, https:\/\/marfund.org\/en\/wp-content\/uploads\/2015\/02\/logos-informe-coral-enfermo-768x111.jpg 768w, https:\/\/marfund.org\/en\/wp-content\/uploads\/2015\/02\/logos-informe-coral-enfermo-1024x148.jpg 1024w\" sizes=\"(max-width: 1078px) 100vw, 1078px\" \/><\/p>\n<h3 style=\"text-align: center;\"><strong>Brote de enfermedad en corales &#8220;p\u00e9rdida r\u00e1pida de tejido&#8221; en<\/strong><br \/>\n<strong>Quintana Roo<\/strong><\/h3>\n<p style=\"text-align: justify;\">Durante el verano 2019, expertos de la UNAM, de la CONANP y de Healthy Reefs for Healthy People (HRI) empezaron a notar se\u00f1ales muy preocupantes en numerosos corales: se estaban enfermando y muriendo r\u00e1pidamente. La caracter\u00edstica de este brote era el alto n\u00famero de especies afectadas y la mortalidad masiva de corales meandroides (corales cerebros, pilares).<\/p>\n<p style=\"text-align: justify;\">Los corales afectados muestran lesiones que avanzan radialmente en el borde, de las cuales se puede desprender el tejido o simplemente ser consumido (depende de la especie y del estado de avance), dejando al desnudo su esqueleto. No se debe confundir con el blanqueamiento donde el coral pierde su microalga simbi\u00f3tica, la cual le confiere normalmente su color, debido a condiciones de altas temperaturas y por lo cual su tejido se vuelve transparente, pero puede seguir vivo. En contraste, los avances de la enfermedad se revelan muy r\u00e1pido y la colonia afectada se muere totalmente en pocas semanas.<\/p>\n<p><img loading=\"lazy\" class=\"aligncenter size-full wp-image-2033\" src=\"https:\/\/marfund.org\/en\/wp-content\/uploads\/2015\/02\/evolucion-enfermedad-coral-estrella.jpg\" alt=\"\" width=\"1210\" height=\"300\" srcset=\"https:\/\/marfund.org\/en\/wp-content\/uploads\/2015\/02\/evolucion-enfermedad-coral-estrella.jpg 1210w, https:\/\/marfund.org\/en\/wp-content\/uploads\/2015\/02\/evolucion-enfermedad-coral-estrella-300x74.jpg 300w, https:\/\/marfund.org\/en\/wp-content\/uploads\/2015\/02\/evolucion-enfermedad-coral-estrella-768x190.jpg 768w, https:\/\/marfund.org\/en\/wp-content\/uploads\/2015\/02\/evolucion-enfermedad-coral-estrella-1024x254.jpg 1024w\" sizes=\"(max-width: 1210px) 100vw, 1210px\" \/><\/p>\n<p>&nbsp;<\/p>\n<p style=\"text-align: justify;\">Para m\u00e1s informaci\u00f3n descargar informe completo (click en imagen):<\/p>\n<p><a href=\"https:\/\/marfund.org\/en\/wp-content\/uploads\/2015\/02\/Fact-Sheet_Enfermedad_fin.pdf\" target=\"_blank\" rel=\"noopener\"><img loading=\"lazy\" class=\"aligncenter size-full wp-image-2036\" src=\"https:\/\/marfund.org\/en\/wp-content\/uploads\/2015\/02\/Fact-Sheet_Enfermedad_fin_001-1.jpg\" alt=\"\" width=\"225\" height=\"287\" \/><\/a><\/p>\n<p><strong>Material adicional de informaci\u00f3n sobre la enfermedad:<\/strong><br \/>\nWebinar: <a href=\"https:\/\/www.youtube.com\/watch?v=WTeRbD2iKVU\" target=\"_blank\" rel=\"noopener\">https:\/\/www.youtube.com\/watch?v=WTeRbD2iKVU<\/a><br \/>\nFotos: <a href=\"https:\/\/www.dropbox.com\/sh\/t0neqlk6aezc02t\/AABMDaTZ_ZFjfnRQ7Do1LY5Ha?dl=0\" target=\"_blank\" rel=\"noopener\">https:\/\/www.dropbox.com\/sh\/t0neqlk6aezc02t\/AABMDaTZ_ZFjfnRQ7Do1LY5Ha?dl=0<\/a><br \/>\nVideo: <a href=\"https:\/\/www.youtube.com\/watch?v=xoc5l4E_yKk&amp;t=182s\" target=\"_blank\" rel=\"noopener\">https:\/\/www.youtube.com\/watch?v=xoc5l4E_yKk&amp;t=182s<\/a><br \/>\nWeb: <a href=\"https:\/\/www.barcolab.org\/copy-of-outbreak-of-caribbean-coral\" target=\"_blank\" rel=\"noopener\">https:\/\/www.barcolab.org\/copy-of-outbreak-of-caribbean-coral<\/a><br \/>\n<a href=\"http:\/\/www.healthyreefs.org\/cms\/posts\/\" target=\"_blank\" rel=\"noopener\">http:\/\/www.healthyreefs.org\/cms\/posts\/<\/a><\/p>\n","protected":false},"excerpt":{"rendered":"<p>In principio creavit Deus caelum et terram. Propterea sicut per unum hominem in hunc mundum peccatum intravit et per peccatum mors et ita in omnes homines mors pertransiit in quo omnes peccaverunt. Sic enim dilexit Deus mundum ut Filium suum unigenitum daret ut omnis qui credit in eum non pereat sed habeat vitam aeternam.<\/p>\n","protected":false},"author":1,"featured_media":2028,"comment_status":"closed","ping_status":"closed","sticky":false,"template":"","format":"standard","meta":[],"categories":[3],"tags":[143,174,177,175,176,183,178],"_links":{"self":[{"href":"https:\/\/marfund.org\/en\/wp-json\/wp\/v2\/posts\/2027"}],"collection":[{"href":"https:\/\/marfund.org\/en\/wp-json\/wp\/v2\/posts"}],"about":[{"href":"https:\/\/marfund.org\/en\/wp-json\/wp\/v2\/types\/post"}],"author":[{"embeddable":true,"href":"https:\/\/marfund.org\/en\/wp-json\/wp\/v2\/users\/1"}],"replies":[{"embeddable":true,"href":"https:\/\/marfund.org\/en\/wp-json\/wp\/v2\/comments?post=2027"}],"version-history":[{"count":6,"href":"https:\/\/marfund.org\/en\/wp-json\/wp\/v2\/posts\/2027\/revisions"}],"predecessor-version":[{"id":2031,"href":"https:\/\/marfund.org\/en\/wp-json\/wp\/v2\/posts\/2027\/revisions\/2031"}],"wp:featuredmedia":[{"embeddable":true,"href":"https:\/\/marfund.org\/en\/wp-json\/wp\/v2\/media\/2028"}],"wp:attachment":[{"href":"https:\/\/marfund.org\/en\/wp-json\/wp\/v2\/media?parent=2027"}],"wp:term":[{"taxonomy":"category","embeddable":true,"href":"https:\/\/marfund.org\/en\/wp-json\/wp\/v2\/categories?post=2027"},{"taxonomy":"post_tag","embeddable":true,"href":"https:\/\/marfund.org\/en\/wp-json\/wp\/v2\/tags?post=2027"}],"curies":[{"name":"wp","href":"https:\/\/api.w.org\/{rel}","templated":true}]}}